{"id":42013,"date":"2023-11-13T16:44:17","date_gmt":"2023-11-13T15:44:17","guid":{"rendered":"https:\/\/handelsverband.swiss\/?p=42013"},"modified":"2023-11-16T10:38:43","modified_gmt":"2023-11-16T09:38:43","slug":"augmentation-de-la-tva-suisse-taux-de-la-dette-fiscale-nette","status":"publish","type":"post","link":"https:\/\/handelsverband.swiss\/fr\/augmentation-de-la-tva-suisse-taux-de-la-dette-fiscale-nette\/","title":{"rendered":"Augmentation de la TVA suisse, taux de la dette fiscale nette"},"content":{"rendered":"<p>&nbsp;<\/p>\n<p>D\u00e8s le\u00a0<b>1<sup>er<\/sup>\u00a0janvier 2024<\/b> les taux d&#8217;imp\u00f4t TVA seront relev\u00e9s comme suit :<\/p>\n<p><img decoding=\"async\" src=\"https:\/\/handelsverband.swiss\/wp-content\/uploads\/2023\/11\/TVA-neu.png\" \/><\/p>\n<h5><\/h5>\n<p><strong>Si votre entreprise r\u00e9alise un chiffre d&#8217;affaires annuel imposable (TVA comprise) inf\u00e9rieur \u00e0 5,024 millions de CHF, cela vaut la peine de lire la suite.<\/strong><\/p>\n<p>&nbsp;<\/p>\n<h5>Cons\u00e9quences sur les taux de la dette fiscale nette<\/h5>\n<p>Les taux de la dette fiscale nette sont des taux sectoriels qui simplifient le d\u00e9compte de la TVA pour les petites et moyennes entreprises en leur permettant de calculer leur dette fiscale \u00e0 l&#8217;aide d&#8217;un taux forfaitaire. L&#8217;avantage de la m\u00e9thode de la dette fiscale nette r\u00e9side dans une simplification massive du d\u00e9compte de la TVA et, selon la structure des d\u00e9penses et des investissements, dans une \u00e9conomie mon\u00e9taire. Les taux de la dette fiscale nette sont d\u00e9finis par branche et par activit\u00e9. Vous les trouverez dans l<a href=\"https:\/\/www.fedlex.admin.ch\/eli\/oc\/2023\/18\/fr\" target=\"_blank\" rel=\"noopener\">&#8216;ordonnance sur les taux de la dette fiscale<\/a> nette par branche et par activit\u00e9.<\/p>\n<p><strong>A partir du 01.01.2024, la limite du chiffre d&#8217;affaires pour l&#8217;application de la m\u00e9thode des taux de la dette fiscale nette sera augment\u00e9e. D\u00e9sormais, il faut que l&#8217;entreprise ait un chiffre d&#8217;affaires annuel imposable (TVA comprise) de CHF 5,024 millions au maximum et un imp\u00f4t d\u00fb de CHF 108 000 au maximum par an (cette valeur est calcul\u00e9e en multipliant le chiffre d&#8217;affaires total imposable par le taux d&#8217;\u00e9quilibre applicable \u00e0 la branche ou \u00e0 l&#8217;activit\u00e9 concern\u00e9e).<\/strong><\/p>\n<p><img decoding=\"async\" src=\"https:\/\/handelsverband.swiss\/wp-content\/uploads\/2023\/11\/TVA-2024.png\" \/><\/p>\n<p><strong>Les taux de la dette fiscale nette par branche et par activit\u00e9 sont \u00e9galement adapt\u00e9s. Pour le commerce classique de biens impos\u00e9s au taux normal, il passe de 2,0% \u00e0 2,1%. Pour ceux qui b\u00e9n\u00e9ficient d&#8217;un taux sp\u00e9cial r\u00e9duit, il reste \u00e0 0,6%. Vous pouvez consulter le taux de la dette fiscale nette applicable \u00e0 votre sous-branche <a href=\"https:\/\/www.fedlex.admin.ch\/eli\/oc\/2023\/18\/fr\" target=\"_blank\" rel=\"noopener\">ici<\/a>.<\/strong><\/p>\n<p>Nous recommandons aux petites et moyennes entreprises de v\u00e9rifier si, dans les nouvelles circonstances, il vaut la peine de passer de la m\u00e9thode effective \u00e0 la m\u00e9thode de la dette fiscale nette ou inversement.<\/p>\n<p><em>Auteur: <\/em><em>RA lic. iur. Severin Pfl\u00fcger, directeur adjoint ASSOCIATION DE COMMERCE.swiss<\/em><\/p>\n<p>&nbsp;<\/p>\n","protected":false},"excerpt":{"rendered":"<p>&nbsp; D\u00e8s le\u00a01er\u00a0janvier 2024 les<\/p>\n","protected":false},"author":4782,"featured_media":42022,"comment_status":"open","ping_status":"closed","sticky":false,"template":"","format":"standard","meta":{"_acf_changed":false,"footnotes":""},"categories":[],"tags":[],"class_list":["post-42013","post","type-post","status-publish","format-standard","has-post-thumbnail","hentry"],"acf":[],"yoast_head":"<!-- This site is optimized with the Yoast SEO plugin v27.5 - https:\/\/yoast.com\/product\/yoast-seo-wordpress\/ -->\n<title>Augmentation de la TVA suisse, taux de la dette fiscale nette - HANDELSVERBAND. swiss<\/title>\n<meta name=\"robots\" content=\"index, follow, max-snippet:-1, max-image-preview:large, max-video-preview:-1\" \/>\n<meta property=\"og:locale\" content=\"fr_FR\" \/>\n<meta property=\"og:type\" content=\"article\" \/>\n<meta property=\"og:title\" content=\"Augmentation de la TVA suisse, taux de la dette fiscale nette - HANDELSVERBAND. swiss\" \/>\n<meta property=\"og:description\" content=\"&nbsp; D\u00e8s le\u00a01er\u00a0janvier 2024 les\" \/>\n<meta property=\"og:url\" content=\"https:\/\/handelsverband.swiss\/fr\/augmentation-de-la-tva-suisse-taux-de-la-dette-fiscale-nette\/\" \/>\n<meta property=\"og:site_name\" content=\"HANDELSVERBAND. swiss\" \/>\n<meta property=\"article:published_time\" content=\"2023-11-13T15:44:17+00:00\" \/>\n<meta property=\"article:modified_time\" content=\"2023-11-16T09:38:43+00:00\" \/>\n<meta property=\"og:image\" content=\"https:\/\/handelsverband.swiss\/wp-content\/uploads\/2023\/11\/Relevement-TVA-2024.png\" \/>\n\t<meta property=\"og:image:width\" content=\"750\" \/>\n\t<meta property=\"og:image:height\" content=\"325\" \/>\n\t<meta property=\"og:image:type\" content=\"image\/png\" \/>\n<meta name=\"author\" content=\"nb@handelsverband.swiss\" \/>\n<meta name=\"twitter:card\" content=\"summary_large_image\" \/>\n<meta name=\"twitter:label1\" content=\"Written by\" \/>\n\t<meta name=\"twitter:data1\" content=\"nb@handelsverband.swiss\" \/>\n\t<meta name=\"twitter:label2\" content=\"Est. reading time\" \/>\n\t<meta name=\"twitter:data2\" content=\"3 minutes\" \/>\n<script type=\"application\/ld+json\" class=\"yoast-schema-graph\">{\"@context\":\"https:\\\/\\\/schema.org\",\"@graph\":[{\"@type\":\"Article\",\"@id\":\"https:\\\/\\\/handelsverband.swiss\\\/fr\\\/augmentation-de-la-tva-suisse-taux-de-la-dette-fiscale-nette\\\/#article\",\"isPartOf\":{\"@id\":\"https:\\\/\\\/handelsverband.swiss\\\/fr\\\/augmentation-de-la-tva-suisse-taux-de-la-dette-fiscale-nette\\\/\"},\"author\":{\"name\":\"nb@handelsverband.swiss\",\"@id\":\"https:\\\/\\\/handelsverband.swiss\\\/#\\\/schema\\\/person\\\/db97f786c0c1d9358e5dfb201f51e11a\"},\"headline\":\"Augmentation de la TVA suisse, taux de la dette fiscale nette\",\"datePublished\":\"2023-11-13T15:44:17+00:00\",\"dateModified\":\"2023-11-16T09:38:43+00:00\",\"mainEntityOfPage\":{\"@id\":\"https:\\\/\\\/handelsverband.swiss\\\/fr\\\/augmentation-de-la-tva-suisse-taux-de-la-dette-fiscale-nette\\\/\"},\"wordCount\":369,\"commentCount\":0,\"publisher\":{\"@id\":\"https:\\\/\\\/handelsverband.swiss\\\/#organization\"},\"image\":{\"@id\":\"https:\\\/\\\/handelsverband.swiss\\\/fr\\\/augmentation-de-la-tva-suisse-taux-de-la-dette-fiscale-nette\\\/#primaryimage\"},\"thumbnailUrl\":\"https:\\\/\\\/handelsverband.swiss\\\/wp-content\\\/uploads\\\/2023\\\/11\\\/Relevement-TVA-2024.png\",\"inLanguage\":\"fr-FR\",\"potentialAction\":[{\"@type\":\"CommentAction\",\"name\":\"Comment\",\"target\":[\"https:\\\/\\\/handelsverband.swiss\\\/fr\\\/augmentation-de-la-tva-suisse-taux-de-la-dette-fiscale-nette\\\/#respond\"]}]},{\"@type\":\"WebPage\",\"@id\":\"https:\\\/\\\/handelsverband.swiss\\\/fr\\\/augmentation-de-la-tva-suisse-taux-de-la-dette-fiscale-nette\\\/\",\"url\":\"https:\\\/\\\/handelsverband.swiss\\\/fr\\\/augmentation-de-la-tva-suisse-taux-de-la-dette-fiscale-nette\\\/\",\"name\":\"Augmentation de la TVA suisse, taux de la dette fiscale nette - HANDELSVERBAND. swiss\",\"isPartOf\":{\"@id\":\"https:\\\/\\\/handelsverband.swiss\\\/#website\"},\"primaryImageOfPage\":{\"@id\":\"https:\\\/\\\/handelsverband.swiss\\\/fr\\\/augmentation-de-la-tva-suisse-taux-de-la-dette-fiscale-nette\\\/#primaryimage\"},\"image\":{\"@id\":\"https:\\\/\\\/handelsverband.swiss\\\/fr\\\/augmentation-de-la-tva-suisse-taux-de-la-dette-fiscale-nette\\\/#primaryimage\"},\"thumbnailUrl\":\"https:\\\/\\\/handelsverband.swiss\\\/wp-content\\\/uploads\\\/2023\\\/11\\\/Relevement-TVA-2024.png\",\"datePublished\":\"2023-11-13T15:44:17+00:00\",\"dateModified\":\"2023-11-16T09:38:43+00:00\",\"breadcrumb\":{\"@id\":\"https:\\\/\\\/handelsverband.swiss\\\/fr\\\/augmentation-de-la-tva-suisse-taux-de-la-dette-fiscale-nette\\\/#breadcrumb\"},\"inLanguage\":\"fr-FR\",\"potentialAction\":[{\"@type\":\"ReadAction\",\"target\":[\"https:\\\/\\\/handelsverband.swiss\\\/fr\\\/augmentation-de-la-tva-suisse-taux-de-la-dette-fiscale-nette\\\/\"]}]},{\"@type\":\"ImageObject\",\"inLanguage\":\"fr-FR\",\"@id\":\"https:\\\/\\\/handelsverband.swiss\\\/fr\\\/augmentation-de-la-tva-suisse-taux-de-la-dette-fiscale-nette\\\/#primaryimage\",\"url\":\"https:\\\/\\\/handelsverband.swiss\\\/wp-content\\\/uploads\\\/2023\\\/11\\\/Relevement-TVA-2024.png\",\"contentUrl\":\"https:\\\/\\\/handelsverband.swiss\\\/wp-content\\\/uploads\\\/2023\\\/11\\\/Relevement-TVA-2024.png\",\"width\":750,\"height\":325},{\"@type\":\"BreadcrumbList\",\"@id\":\"https:\\\/\\\/handelsverband.swiss\\\/fr\\\/augmentation-de-la-tva-suisse-taux-de-la-dette-fiscale-nette\\\/#breadcrumb\",\"itemListElement\":[{\"@type\":\"ListItem\",\"position\":1,\"name\":\"Startseite\",\"item\":\"https:\\\/\\\/handelsverband.swiss\\\/fr\\\/\"},{\"@type\":\"ListItem\",\"position\":2,\"name\":\"Augmentation de la TVA suisse, taux de la dette fiscale nette\"}]},{\"@type\":\"WebSite\",\"@id\":\"https:\\\/\\\/handelsverband.swiss\\\/#website\",\"url\":\"https:\\\/\\\/handelsverband.swiss\\\/\",\"name\":\"HANDELSVERBAND.swiss\",\"description\":\"ASSOCIATION DE COMMERCE.swiss\",\"publisher\":{\"@id\":\"https:\\\/\\\/handelsverband.swiss\\\/#organization\"},\"potentialAction\":[{\"@type\":\"SearchAction\",\"target\":{\"@type\":\"EntryPoint\",\"urlTemplate\":\"https:\\\/\\\/handelsverband.swiss\\\/?s={search_term_string}\"},\"query-input\":{\"@type\":\"PropertyValueSpecification\",\"valueRequired\":true,\"valueName\":\"search_term_string\"}}],\"inLanguage\":\"fr-FR\"},{\"@type\":\"Organization\",\"@id\":\"https:\\\/\\\/handelsverband.swiss\\\/#organization\",\"name\":\"HANDELSVERBAND.swiss\",\"url\":\"https:\\\/\\\/handelsverband.swiss\\\/\",\"logo\":{\"@type\":\"ImageObject\",\"inLanguage\":\"fr-FR\",\"@id\":\"https:\\\/\\\/handelsverband.swiss\\\/#\\\/schema\\\/logo\\\/image\\\/\",\"url\":\"https:\\\/\\\/handelsverband.swiss\\\/wp-content\\\/uploads\\\/2020\\\/03\\\/hv_brand_rgb.png\",\"contentUrl\":\"https:\\\/\\\/handelsverband.swiss\\\/wp-content\\\/uploads\\\/2020\\\/03\\\/hv_brand_rgb.png\",\"width\":1714,\"height\":472,\"caption\":\"HANDELSVERBAND.swiss\"},\"image\":{\"@id\":\"https:\\\/\\\/handelsverband.swiss\\\/#\\\/schema\\\/logo\\\/image\\\/\"}},{\"@type\":\"Person\",\"@id\":\"https:\\\/\\\/handelsverband.swiss\\\/#\\\/schema\\\/person\\\/db97f786c0c1d9358e5dfb201f51e11a\",\"name\":\"nb@handelsverband.swiss\",\"image\":{\"@type\":\"ImageObject\",\"inLanguage\":\"fr-FR\",\"@id\":\"https:\\\/\\\/secure.gravatar.com\\\/avatar\\\/b272316cddb63e32da2b49897fc8bd18aea84db0a72f7b54114d3856f628fe3f?s=96&d=mm&r=g\",\"url\":\"https:\\\/\\\/secure.gravatar.com\\\/avatar\\\/b272316cddb63e32da2b49897fc8bd18aea84db0a72f7b54114d3856f628fe3f?s=96&d=mm&r=g\",\"contentUrl\":\"https:\\\/\\\/secure.gravatar.com\\\/avatar\\\/b272316cddb63e32da2b49897fc8bd18aea84db0a72f7b54114d3856f628fe3f?s=96&d=mm&r=g\",\"caption\":\"nb@handelsverband.swiss\"}}]}<\/script>\n<!-- \/ Yoast SEO plugin. -->","yoast_head_json":{"title":"Augmentation de la TVA suisse, taux de la dette fiscale nette - HANDELSVERBAND. swiss","robots":{"index":"index","follow":"follow","max-snippet":"max-snippet:-1","max-image-preview":"max-image-preview:large","max-video-preview":"max-video-preview:-1"},"og_locale":"fr_FR","og_type":"article","og_title":"Augmentation de la TVA suisse, taux de la dette fiscale nette - HANDELSVERBAND. swiss","og_description":"&nbsp; D\u00e8s le\u00a01er\u00a0janvier 2024 les","og_url":"https:\/\/handelsverband.swiss\/fr\/augmentation-de-la-tva-suisse-taux-de-la-dette-fiscale-nette\/","og_site_name":"HANDELSVERBAND. swiss","article_published_time":"2023-11-13T15:44:17+00:00","article_modified_time":"2023-11-16T09:38:43+00:00","og_image":[{"width":750,"height":325,"url":"https:\/\/handelsverband.swiss\/wp-content\/uploads\/2023\/11\/Relevement-TVA-2024.png","type":"image\/png"}],"author":"nb@handelsverband.swiss","twitter_card":"summary_large_image","twitter_misc":{"Written by":"nb@handelsverband.swiss","Est. reading time":"3 minutes"},"schema":{"@context":"https:\/\/schema.org","@graph":[{"@type":"Article","@id":"https:\/\/handelsverband.swiss\/fr\/augmentation-de-la-tva-suisse-taux-de-la-dette-fiscale-nette\/#article","isPartOf":{"@id":"https:\/\/handelsverband.swiss\/fr\/augmentation-de-la-tva-suisse-taux-de-la-dette-fiscale-nette\/"},"author":{"name":"nb@handelsverband.swiss","@id":"https:\/\/handelsverband.swiss\/#\/schema\/person\/db97f786c0c1d9358e5dfb201f51e11a"},"headline":"Augmentation de la TVA suisse, taux de la dette fiscale nette","datePublished":"2023-11-13T15:44:17+00:00","dateModified":"2023-11-16T09:38:43+00:00","mainEntityOfPage":{"@id":"https:\/\/handelsverband.swiss\/fr\/augmentation-de-la-tva-suisse-taux-de-la-dette-fiscale-nette\/"},"wordCount":369,"commentCount":0,"publisher":{"@id":"https:\/\/handelsverband.swiss\/#organization"},"image":{"@id":"https:\/\/handelsverband.swiss\/fr\/augmentation-de-la-tva-suisse-taux-de-la-dette-fiscale-nette\/#primaryimage"},"thumbnailUrl":"https:\/\/handelsverband.swiss\/wp-content\/uploads\/2023\/11\/Relevement-TVA-2024.png","inLanguage":"fr-FR","potentialAction":[{"@type":"CommentAction","name":"Comment","target":["https:\/\/handelsverband.swiss\/fr\/augmentation-de-la-tva-suisse-taux-de-la-dette-fiscale-nette\/#respond"]}]},{"@type":"WebPage","@id":"https:\/\/handelsverband.swiss\/fr\/augmentation-de-la-tva-suisse-taux-de-la-dette-fiscale-nette\/","url":"https:\/\/handelsverband.swiss\/fr\/augmentation-de-la-tva-suisse-taux-de-la-dette-fiscale-nette\/","name":"Augmentation de la TVA suisse, taux de la dette fiscale nette - HANDELSVERBAND. swiss","isPartOf":{"@id":"https:\/\/handelsverband.swiss\/#website"},"primaryImageOfPage":{"@id":"https:\/\/handelsverband.swiss\/fr\/augmentation-de-la-tva-suisse-taux-de-la-dette-fiscale-nette\/#primaryimage"},"image":{"@id":"https:\/\/handelsverband.swiss\/fr\/augmentation-de-la-tva-suisse-taux-de-la-dette-fiscale-nette\/#primaryimage"},"thumbnailUrl":"https:\/\/handelsverband.swiss\/wp-content\/uploads\/2023\/11\/Relevement-TVA-2024.png","datePublished":"2023-11-13T15:44:17+00:00","dateModified":"2023-11-16T09:38:43+00:00","breadcrumb":{"@id":"https:\/\/handelsverband.swiss\/fr\/augmentation-de-la-tva-suisse-taux-de-la-dette-fiscale-nette\/#breadcrumb"},"inLanguage":"fr-FR","potentialAction":[{"@type":"ReadAction","target":["https:\/\/handelsverband.swiss\/fr\/augmentation-de-la-tva-suisse-taux-de-la-dette-fiscale-nette\/"]}]},{"@type":"ImageObject","inLanguage":"fr-FR","@id":"https:\/\/handelsverband.swiss\/fr\/augmentation-de-la-tva-suisse-taux-de-la-dette-fiscale-nette\/#primaryimage","url":"https:\/\/handelsverband.swiss\/wp-content\/uploads\/2023\/11\/Relevement-TVA-2024.png","contentUrl":"https:\/\/handelsverband.swiss\/wp-content\/uploads\/2023\/11\/Relevement-TVA-2024.png","width":750,"height":325},{"@type":"BreadcrumbList","@id":"https:\/\/handelsverband.swiss\/fr\/augmentation-de-la-tva-suisse-taux-de-la-dette-fiscale-nette\/#breadcrumb","itemListElement":[{"@type":"ListItem","position":1,"name":"Startseite","item":"https:\/\/handelsverband.swiss\/fr\/"},{"@type":"ListItem","position":2,"name":"Augmentation de la TVA suisse, taux de la dette fiscale nette"}]},{"@type":"WebSite","@id":"https:\/\/handelsverband.swiss\/#website","url":"https:\/\/handelsverband.swiss\/","name":"HANDELSVERBAND.swiss","description":"ASSOCIATION DE COMMERCE.swiss","publisher":{"@id":"https:\/\/handelsverband.swiss\/#organization"},"potentialAction":[{"@type":"SearchAction","target":{"@type":"EntryPoint","urlTemplate":"https:\/\/handelsverband.swiss\/?s={search_term_string}"},"query-input":{"@type":"PropertyValueSpecification","valueRequired":true,"valueName":"search_term_string"}}],"inLanguage":"fr-FR"},{"@type":"Organization","@id":"https:\/\/handelsverband.swiss\/#organization","name":"HANDELSVERBAND.swiss","url":"https:\/\/handelsverband.swiss\/","logo":{"@type":"ImageObject","inLanguage":"fr-FR","@id":"https:\/\/handelsverband.swiss\/#\/schema\/logo\/image\/","url":"https:\/\/handelsverband.swiss\/wp-content\/uploads\/2020\/03\/hv_brand_rgb.png","contentUrl":"https:\/\/handelsverband.swiss\/wp-content\/uploads\/2020\/03\/hv_brand_rgb.png","width":1714,"height":472,"caption":"HANDELSVERBAND.swiss"},"image":{"@id":"https:\/\/handelsverband.swiss\/#\/schema\/logo\/image\/"}},{"@type":"Person","@id":"https:\/\/handelsverband.swiss\/#\/schema\/person\/db97f786c0c1d9358e5dfb201f51e11a","name":"nb@handelsverband.swiss","image":{"@type":"ImageObject","inLanguage":"fr-FR","@id":"https:\/\/secure.gravatar.com\/avatar\/b272316cddb63e32da2b49897fc8bd18aea84db0a72f7b54114d3856f628fe3f?s=96&d=mm&r=g","url":"https:\/\/secure.gravatar.com\/avatar\/b272316cddb63e32da2b49897fc8bd18aea84db0a72f7b54114d3856f628fe3f?s=96&d=mm&r=g","contentUrl":"https:\/\/secure.gravatar.com\/avatar\/b272316cddb63e32da2b49897fc8bd18aea84db0a72f7b54114d3856f628fe3f?s=96&d=mm&r=g","caption":"nb@handelsverband.swiss"}}]}},"_links":{"self":[{"href":"https:\/\/handelsverband.swiss\/fr\/wp-json\/wp\/v2\/posts\/42013","targetHints":{"allow":["GET"]}}],"collection":[{"href":"https:\/\/handelsverband.swiss\/fr\/wp-json\/wp\/v2\/posts"}],"about":[{"href":"https:\/\/handelsverband.swiss\/fr\/wp-json\/wp\/v2\/types\/post"}],"author":[{"embeddable":true,"href":"https:\/\/handelsverband.swiss\/fr\/wp-json\/wp\/v2\/users\/4782"}],"replies":[{"embeddable":true,"href":"https:\/\/handelsverband.swiss\/fr\/wp-json\/wp\/v2\/comments?post=42013"}],"version-history":[{"count":8,"href":"https:\/\/handelsverband.swiss\/fr\/wp-json\/wp\/v2\/posts\/42013\/revisions"}],"predecessor-version":[{"id":42145,"href":"https:\/\/handelsverband.swiss\/fr\/wp-json\/wp\/v2\/posts\/42013\/revisions\/42145"}],"wp:featuredmedia":[{"embeddable":true,"href":"https:\/\/handelsverband.swiss\/fr\/wp-json\/wp\/v2\/media\/42022"}],"wp:attachment":[{"href":"https:\/\/handelsverband.swiss\/fr\/wp-json\/wp\/v2\/media?parent=42013"}],"wp:term":[{"taxonomy":"category","embeddable":true,"href":"https:\/\/handelsverband.swiss\/fr\/wp-json\/wp\/v2\/categories?post=42013"},{"taxonomy":"post_tag","embeddable":true,"href":"https:\/\/handelsverband.swiss\/fr\/wp-json\/wp\/v2\/tags?post=42013"}],"curies":[{"name":"wp","href":"https:\/\/api.w.org\/{rel}","templated":true}]}}