{"id":60077,"date":"2026-02-17T14:29:39","date_gmt":"2026-02-17T13:29:39","guid":{"rendered":"https:\/\/handelsverband.swiss\/?p=60077"},"modified":"2026-02-17T14:29:39","modified_gmt":"2026-02-17T13:29:39","slug":"pourquoi-lexternalisation-logistique-est-aujourdhui-strategiquement-decisive-pour-les-commercants-suisses","status":"publish","type":"post","link":"https:\/\/handelsverband.swiss\/fr\/pourquoi-lexternalisation-logistique-est-aujourdhui-strategiquement-decisive-pour-les-commercants-suisses\/","title":{"rendered":"Pourquoi l&#8217;externalisation logistique est aujourd&#8217;hui strat\u00e9giquement d\u00e9cisive pour les commer\u00e7ants suisses"},"content":{"rendered":"<p><em>Article de <a href=\"https:\/\/www.transco.eu\/\" target=\"_blank\" rel=\"noopener\">Transco, <\/a>que nous publions avec son aimable autorisation (traduction de l\u2019article par l\u2019ASSOCIATION DE COMMERCE.swiss).<\/em><\/p>\n<p>&nbsp;<\/p>\n<p><strong>Les incertitudes mondiales mettent le commerce suisse \u00e0 l\u2019\u00e9preuve comme jamais auparavant : les tensions g\u00e9opolitiques perturbent les cha\u00eenes d\u2019approvisionnement, la hausse des prix des mati\u00e8res premi\u00e8res p\u00e8se sur les marges et la volatilit\u00e9 de la demande complique la planification. Dans ce contexte, l\u2019externalisation professionnelle de la logistique devient un facteur cl\u00e9 de comp\u00e9titivit\u00e9, en particulier pour les petits et moyens commer\u00e7ants.<\/strong><\/p>\n<p><strong>Flexibilit\u00e9 plut\u00f4t que co\u00fbts fixes<br \/>\n<\/strong>Les surfaces de stockage et les capacit\u00e9s de transport propres immobilisent du capital et du personnel. Un prestataire logistique sp\u00e9cialis\u00e9 permet en revanche une adaptation aux besoins, des pics saisonniers aux changements de march\u00e9 \u00e0 court terme. Les commer\u00e7ants restent ainsi solvables, agiles et r\u00e9sistants aux fluctuations de la demande.<\/p>\n<p><strong>Un savoir-faire en constante \u00e9volution<br \/>\n<\/strong>Les partenaires logistiques externes apportent une expertise pr\u00e9cieuse et des outils num\u00e9riques, notamment :<\/p>\n<ul>\n<li>des itin\u00e9raires d&#8217;approvisionnement alternatifs en cas de perturbations<\/li>\n<li>des analyses de processus pour gagner en efficacit\u00e9<\/li>\n<li>une exp\u00e9rience dans la gestion des crises et des risques<\/li>\n<li>des syst\u00e8mes modernes de track &amp; trace pour une transparence maximale de la supply chain<\/li>\n<li>un fulfillment pr\u00e9cis et une gestion des retours optimis\u00e9e pour l\u2019e-commerce<\/li>\n<\/ul>\n<p>D\u00e9velopper cette expertise en interne est difficile et co\u00fbteux, ce qui renforce l\u2019int\u00e9r\u00eat strat\u00e9gique de l\u2019externalisation.<\/p>\n<p><strong>Focalisation sur le c\u0153ur de m\u00e9tier<br \/>\n<\/strong>En externalisant leur logistique, les commer\u00e7ants lib\u00e8rent du temps et des ressources pour l\u2019essentiel : l\u2019assortiment, la vente et la relation client. La responsabilit\u00e9 op\u00e9rationnelle du transport, du stockage et de l&#8217;exp\u00e9dition incombe \u00e0 des professionnels, y compris le d\u00e9douanement et la gestion des commandes en ligne. Cela permet d&#8217;am\u00e9liorer la qualit\u00e9 du service et la satisfaction des clients.<\/p>\n<p><strong>Check-list : r\u00e9ussir l\u2019externalisation logistique<\/strong><\/p>\n<ol>\n<li>Analyse : examiner les co\u00fbts fixes, les temps de processus et le taux d\u2019occupation des stocks<\/li>\n<li>D\u00e9finition des besoins : d\u00e9terminer les prestations \u00e0 externaliser (transport, stockage, retours, douane)<\/li>\n<li>S\u00e9lection des partenaires : privil\u00e9gier des prestataires exp\u00e9riment\u00e9s dans le commerce suisse et connect\u00e9s \u00e0 l\u2019international<\/li>\n<li>Clarifier la transparence : d\u00e9finir en amont les interfaces num\u00e9riques et le reporting<\/li>\n<li>Lancer la phase pilote : tester les processus, mesurer les KPI, \u00e9voluer progressivement<\/li>\n<\/ol>\n<p><strong>TRANSCO \u2013 votre partenaire pour des solutions logistiques globales en Suisse et dans l&#8217;UE<br \/>\n<\/strong>Avec <a href=\"https:\/\/www.transco.eu\/\" target=\"_blank\" rel=\"noopener\">TRANSCO<\/a>, les commer\u00e7ants b\u00e9n\u00e9ficient d&#8217;une approche de service complet : transport, logistique, e-fulfillment et d\u00e9douanement sous un m\u00eame toit. Il en r\u00e9sulte une cha\u00eene d&#8217;approvisionnement r\u00e9siliente, transparente et efficace, qui reste stable m\u00eame en p\u00e9riode de crise. En ligne comme en magasin, miser d\u00e8s maintenant sur une logistique professionnelle, c\u2019est assurer sa comp\u00e9titivit\u00e9 dans un environnement de march\u00e9 dynamique.<\/p>\n<p data-start=\"2705\" data-end=\"3133\" data-is-last-node=\"\" data-is-only-node=\"\">\n<p>&nbsp;<\/p>\n<p>&nbsp;<\/p>\n","protected":false},"excerpt":{"rendered":"<p>Article de Transco, que nous<\/p>\n","protected":false},"author":4578,"featured_media":59767,"comment_status":"open","ping_status":"closed","sticky":false,"template":"","format":"standard","meta":{"_acf_changed":false,"footnotes":""},"categories":[],"tags":[],"class_list":["post-60077","post","type-post","status-publish","format-standard","has-post-thumbnail","hentry"],"acf":[],"yoast_head":"<!-- This site is optimized with the Yoast SEO plugin v27.5 - https:\/\/yoast.com\/product\/yoast-seo-wordpress\/ -->\n<title>Pourquoi l&#039;externalisation logistique est aujourd&#039;hui strat\u00e9giquement d\u00e9cisive pour les commer\u00e7ants suisses - HANDELSVERBAND. swiss<\/title>\n<meta name=\"robots\" content=\"index, follow, max-snippet:-1, max-image-preview:large, max-video-preview:-1\" \/>\n<meta property=\"og:locale\" content=\"fr_FR\" \/>\n<meta property=\"og:type\" content=\"article\" \/>\n<meta property=\"og:title\" content=\"Pourquoi l&#039;externalisation logistique est aujourd&#039;hui strat\u00e9giquement d\u00e9cisive pour les commer\u00e7ants suisses - HANDELSVERBAND. swiss\" \/>\n<meta property=\"og:description\" content=\"Article de Transco, que nous\" \/>\n<meta property=\"og:url\" content=\"https:\/\/handelsverband.swiss\/fr\/pourquoi-lexternalisation-logistique-est-aujourdhui-strategiquement-decisive-pour-les-commercants-suisses\/\" \/>\n<meta property=\"og:site_name\" content=\"HANDELSVERBAND. swiss\" \/>\n<meta property=\"article:published_time\" content=\"2026-02-17T13:29:39+00:00\" \/>\n<meta property=\"og:image\" content=\"https:\/\/handelsverband.swiss\/wp-content\/uploads\/2026\/01\/TRANSCO_Lagerlogistik_Gottmadingen.jpg\" \/>\n\t<meta property=\"og:image:width\" content=\"730\" \/>\n\t<meta property=\"og:image:height\" content=\"400\" \/>\n\t<meta property=\"og:image:type\" content=\"image\/jpeg\" \/>\n<meta name=\"author\" content=\"Nadine Baeriswyl\" \/>\n<meta name=\"twitter:card\" content=\"summary_large_image\" \/>\n<meta name=\"twitter:label1\" content=\"Written by\" \/>\n\t<meta name=\"twitter:data1\" content=\"Nadine Baeriswyl\" \/>\n\t<meta name=\"twitter:label2\" content=\"Est. reading time\" \/>\n\t<meta name=\"twitter:data2\" content=\"3 minutes\" \/>\n<script type=\"application\/ld+json\" class=\"yoast-schema-graph\">{\"@context\":\"https:\\\/\\\/schema.org\",\"@graph\":[{\"@type\":\"Article\",\"@id\":\"https:\\\/\\\/handelsverband.swiss\\\/fr\\\/pourquoi-lexternalisation-logistique-est-aujourdhui-strategiquement-decisive-pour-les-commercants-suisses\\\/#article\",\"isPartOf\":{\"@id\":\"https:\\\/\\\/handelsverband.swiss\\\/fr\\\/pourquoi-lexternalisation-logistique-est-aujourdhui-strategiquement-decisive-pour-les-commercants-suisses\\\/\"},\"author\":{\"name\":\"Nadine Baeriswyl\",\"@id\":\"https:\\\/\\\/handelsverband.swiss\\\/#\\\/schema\\\/person\\\/03cfa2e51a87b9a21a7e90422f712454\"},\"headline\":\"Pourquoi l&#8217;externalisation logistique est aujourd&#8217;hui strat\u00e9giquement d\u00e9cisive pour les commer\u00e7ants suisses\",\"datePublished\":\"2026-02-17T13:29:39+00:00\",\"mainEntityOfPage\":{\"@id\":\"https:\\\/\\\/handelsverband.swiss\\\/fr\\\/pourquoi-lexternalisation-logistique-est-aujourdhui-strategiquement-decisive-pour-les-commercants-suisses\\\/\"},\"wordCount\":516,\"commentCount\":0,\"publisher\":{\"@id\":\"https:\\\/\\\/handelsverband.swiss\\\/#organization\"},\"image\":{\"@id\":\"https:\\\/\\\/handelsverband.swiss\\\/fr\\\/pourquoi-lexternalisation-logistique-est-aujourdhui-strategiquement-decisive-pour-les-commercants-suisses\\\/#primaryimage\"},\"thumbnailUrl\":\"https:\\\/\\\/handelsverband.swiss\\\/wp-content\\\/uploads\\\/2026\\\/01\\\/TRANSCO_Lagerlogistik_Gottmadingen.jpg\",\"inLanguage\":\"fr-FR\",\"potentialAction\":[{\"@type\":\"CommentAction\",\"name\":\"Comment\",\"target\":[\"https:\\\/\\\/handelsverband.swiss\\\/fr\\\/pourquoi-lexternalisation-logistique-est-aujourdhui-strategiquement-decisive-pour-les-commercants-suisses\\\/#respond\"]}]},{\"@type\":\"WebPage\",\"@id\":\"https:\\\/\\\/handelsverband.swiss\\\/fr\\\/pourquoi-lexternalisation-logistique-est-aujourdhui-strategiquement-decisive-pour-les-commercants-suisses\\\/\",\"url\":\"https:\\\/\\\/handelsverband.swiss\\\/fr\\\/pourquoi-lexternalisation-logistique-est-aujourdhui-strategiquement-decisive-pour-les-commercants-suisses\\\/\",\"name\":\"Pourquoi l'externalisation logistique est aujourd'hui strat\u00e9giquement d\u00e9cisive pour les commer\u00e7ants suisses - HANDELSVERBAND. swiss\",\"isPartOf\":{\"@id\":\"https:\\\/\\\/handelsverband.swiss\\\/#website\"},\"primaryImageOfPage\":{\"@id\":\"https:\\\/\\\/handelsverband.swiss\\\/fr\\\/pourquoi-lexternalisation-logistique-est-aujourdhui-strategiquement-decisive-pour-les-commercants-suisses\\\/#primaryimage\"},\"image\":{\"@id\":\"https:\\\/\\\/handelsverband.swiss\\\/fr\\\/pourquoi-lexternalisation-logistique-est-aujourdhui-strategiquement-decisive-pour-les-commercants-suisses\\\/#primaryimage\"},\"thumbnailUrl\":\"https:\\\/\\\/handelsverband.swiss\\\/wp-content\\\/uploads\\\/2026\\\/01\\\/TRANSCO_Lagerlogistik_Gottmadingen.jpg\",\"datePublished\":\"2026-02-17T13:29:39+00:00\",\"breadcrumb\":{\"@id\":\"https:\\\/\\\/handelsverband.swiss\\\/fr\\\/pourquoi-lexternalisation-logistique-est-aujourdhui-strategiquement-decisive-pour-les-commercants-suisses\\\/#breadcrumb\"},\"inLanguage\":\"fr-FR\",\"potentialAction\":[{\"@type\":\"ReadAction\",\"target\":[\"https:\\\/\\\/handelsverband.swiss\\\/fr\\\/pourquoi-lexternalisation-logistique-est-aujourdhui-strategiquement-decisive-pour-les-commercants-suisses\\\/\"]}]},{\"@type\":\"ImageObject\",\"inLanguage\":\"fr-FR\",\"@id\":\"https:\\\/\\\/handelsverband.swiss\\\/fr\\\/pourquoi-lexternalisation-logistique-est-aujourdhui-strategiquement-decisive-pour-les-commercants-suisses\\\/#primaryimage\",\"url\":\"https:\\\/\\\/handelsverband.swiss\\\/wp-content\\\/uploads\\\/2026\\\/01\\\/TRANSCO_Lagerlogistik_Gottmadingen.jpg\",\"contentUrl\":\"https:\\\/\\\/handelsverband.swiss\\\/wp-content\\\/uploads\\\/2026\\\/01\\\/TRANSCO_Lagerlogistik_Gottmadingen.jpg\",\"width\":730,\"height\":400},{\"@type\":\"BreadcrumbList\",\"@id\":\"https:\\\/\\\/handelsverband.swiss\\\/fr\\\/pourquoi-lexternalisation-logistique-est-aujourdhui-strategiquement-decisive-pour-les-commercants-suisses\\\/#breadcrumb\",\"itemListElement\":[{\"@type\":\"ListItem\",\"position\":1,\"name\":\"Startseite\",\"item\":\"https:\\\/\\\/handelsverband.swiss\\\/fr\\\/\"},{\"@type\":\"ListItem\",\"position\":2,\"name\":\"Pourquoi l&#8217;externalisation logistique est aujourd&#8217;hui strat\u00e9giquement d\u00e9cisive pour les commer\u00e7ants suisses\"}]},{\"@type\":\"WebSite\",\"@id\":\"https:\\\/\\\/handelsverband.swiss\\\/#website\",\"url\":\"https:\\\/\\\/handelsverband.swiss\\\/\",\"name\":\"HANDELSVERBAND.swiss\",\"description\":\"ASSOCIATION DE COMMERCE.swiss\",\"publisher\":{\"@id\":\"https:\\\/\\\/handelsverband.swiss\\\/#organization\"},\"potentialAction\":[{\"@type\":\"SearchAction\",\"target\":{\"@type\":\"EntryPoint\",\"urlTemplate\":\"https:\\\/\\\/handelsverband.swiss\\\/?s={search_term_string}\"},\"query-input\":{\"@type\":\"PropertyValueSpecification\",\"valueRequired\":true,\"valueName\":\"search_term_string\"}}],\"inLanguage\":\"fr-FR\"},{\"@type\":\"Organization\",\"@id\":\"https:\\\/\\\/handelsverband.swiss\\\/#organization\",\"name\":\"HANDELSVERBAND.swiss\",\"url\":\"https:\\\/\\\/handelsverband.swiss\\\/\",\"logo\":{\"@type\":\"ImageObject\",\"inLanguage\":\"fr-FR\",\"@id\":\"https:\\\/\\\/handelsverband.swiss\\\/#\\\/schema\\\/logo\\\/image\\\/\",\"url\":\"https:\\\/\\\/handelsverband.swiss\\\/wp-content\\\/uploads\\\/2020\\\/03\\\/hv_brand_rgb.png\",\"contentUrl\":\"https:\\\/\\\/handelsverband.swiss\\\/wp-content\\\/uploads\\\/2020\\\/03\\\/hv_brand_rgb.png\",\"width\":1714,\"height\":472,\"caption\":\"HANDELSVERBAND.swiss\"},\"image\":{\"@id\":\"https:\\\/\\\/handelsverband.swiss\\\/#\\\/schema\\\/logo\\\/image\\\/\"}},{\"@type\":\"Person\",\"@id\":\"https:\\\/\\\/handelsverband.swiss\\\/#\\\/schema\\\/person\\\/03cfa2e51a87b9a21a7e90422f712454\",\"name\":\"Nadine Baeriswyl\",\"image\":{\"@type\":\"ImageObject\",\"inLanguage\":\"fr-FR\",\"@id\":\"https:\\\/\\\/secure.gravatar.com\\\/avatar\\\/a73cbed89644dbba33a6816537b880d86eee7858057233fde5e2ac1626648b04?s=96&d=mm&r=g\",\"url\":\"https:\\\/\\\/secure.gravatar.com\\\/avatar\\\/a73cbed89644dbba33a6816537b880d86eee7858057233fde5e2ac1626648b04?s=96&d=mm&r=g\",\"contentUrl\":\"https:\\\/\\\/secure.gravatar.com\\\/avatar\\\/a73cbed89644dbba33a6816537b880d86eee7858057233fde5e2ac1626648b04?s=96&d=mm&r=g\",\"caption\":\"Nadine Baeriswyl\"}}]}<\/script>\n<!-- \/ Yoast SEO plugin. -->","yoast_head_json":{"title":"Pourquoi l'externalisation logistique est aujourd'hui strat\u00e9giquement d\u00e9cisive pour les commer\u00e7ants suisses - HANDELSVERBAND. swiss","robots":{"index":"index","follow":"follow","max-snippet":"max-snippet:-1","max-image-preview":"max-image-preview:large","max-video-preview":"max-video-preview:-1"},"og_locale":"fr_FR","og_type":"article","og_title":"Pourquoi l'externalisation logistique est aujourd'hui strat\u00e9giquement d\u00e9cisive pour les commer\u00e7ants suisses - HANDELSVERBAND. swiss","og_description":"Article de Transco, que nous","og_url":"https:\/\/handelsverband.swiss\/fr\/pourquoi-lexternalisation-logistique-est-aujourdhui-strategiquement-decisive-pour-les-commercants-suisses\/","og_site_name":"HANDELSVERBAND. swiss","article_published_time":"2026-02-17T13:29:39+00:00","og_image":[{"width":730,"height":400,"url":"https:\/\/handelsverband.swiss\/wp-content\/uploads\/2026\/01\/TRANSCO_Lagerlogistik_Gottmadingen.jpg","type":"image\/jpeg"}],"author":"Nadine Baeriswyl","twitter_card":"summary_large_image","twitter_misc":{"Written by":"Nadine Baeriswyl","Est. reading time":"3 minutes"},"schema":{"@context":"https:\/\/schema.org","@graph":[{"@type":"Article","@id":"https:\/\/handelsverband.swiss\/fr\/pourquoi-lexternalisation-logistique-est-aujourdhui-strategiquement-decisive-pour-les-commercants-suisses\/#article","isPartOf":{"@id":"https:\/\/handelsverband.swiss\/fr\/pourquoi-lexternalisation-logistique-est-aujourdhui-strategiquement-decisive-pour-les-commercants-suisses\/"},"author":{"name":"Nadine Baeriswyl","@id":"https:\/\/handelsverband.swiss\/#\/schema\/person\/03cfa2e51a87b9a21a7e90422f712454"},"headline":"Pourquoi l&#8217;externalisation logistique est aujourd&#8217;hui strat\u00e9giquement d\u00e9cisive pour les commer\u00e7ants suisses","datePublished":"2026-02-17T13:29:39+00:00","mainEntityOfPage":{"@id":"https:\/\/handelsverband.swiss\/fr\/pourquoi-lexternalisation-logistique-est-aujourdhui-strategiquement-decisive-pour-les-commercants-suisses\/"},"wordCount":516,"commentCount":0,"publisher":{"@id":"https:\/\/handelsverband.swiss\/#organization"},"image":{"@id":"https:\/\/handelsverband.swiss\/fr\/pourquoi-lexternalisation-logistique-est-aujourdhui-strategiquement-decisive-pour-les-commercants-suisses\/#primaryimage"},"thumbnailUrl":"https:\/\/handelsverband.swiss\/wp-content\/uploads\/2026\/01\/TRANSCO_Lagerlogistik_Gottmadingen.jpg","inLanguage":"fr-FR","potentialAction":[{"@type":"CommentAction","name":"Comment","target":["https:\/\/handelsverband.swiss\/fr\/pourquoi-lexternalisation-logistique-est-aujourdhui-strategiquement-decisive-pour-les-commercants-suisses\/#respond"]}]},{"@type":"WebPage","@id":"https:\/\/handelsverband.swiss\/fr\/pourquoi-lexternalisation-logistique-est-aujourdhui-strategiquement-decisive-pour-les-commercants-suisses\/","url":"https:\/\/handelsverband.swiss\/fr\/pourquoi-lexternalisation-logistique-est-aujourdhui-strategiquement-decisive-pour-les-commercants-suisses\/","name":"Pourquoi l'externalisation logistique est aujourd'hui strat\u00e9giquement d\u00e9cisive pour les commer\u00e7ants suisses - HANDELSVERBAND. swiss","isPartOf":{"@id":"https:\/\/handelsverband.swiss\/#website"},"primaryImageOfPage":{"@id":"https:\/\/handelsverband.swiss\/fr\/pourquoi-lexternalisation-logistique-est-aujourdhui-strategiquement-decisive-pour-les-commercants-suisses\/#primaryimage"},"image":{"@id":"https:\/\/handelsverband.swiss\/fr\/pourquoi-lexternalisation-logistique-est-aujourdhui-strategiquement-decisive-pour-les-commercants-suisses\/#primaryimage"},"thumbnailUrl":"https:\/\/handelsverband.swiss\/wp-content\/uploads\/2026\/01\/TRANSCO_Lagerlogistik_Gottmadingen.jpg","datePublished":"2026-02-17T13:29:39+00:00","breadcrumb":{"@id":"https:\/\/handelsverband.swiss\/fr\/pourquoi-lexternalisation-logistique-est-aujourdhui-strategiquement-decisive-pour-les-commercants-suisses\/#breadcrumb"},"inLanguage":"fr-FR","potentialAction":[{"@type":"ReadAction","target":["https:\/\/handelsverband.swiss\/fr\/pourquoi-lexternalisation-logistique-est-aujourdhui-strategiquement-decisive-pour-les-commercants-suisses\/"]}]},{"@type":"ImageObject","inLanguage":"fr-FR","@id":"https:\/\/handelsverband.swiss\/fr\/pourquoi-lexternalisation-logistique-est-aujourdhui-strategiquement-decisive-pour-les-commercants-suisses\/#primaryimage","url":"https:\/\/handelsverband.swiss\/wp-content\/uploads\/2026\/01\/TRANSCO_Lagerlogistik_Gottmadingen.jpg","contentUrl":"https:\/\/handelsverband.swiss\/wp-content\/uploads\/2026\/01\/TRANSCO_Lagerlogistik_Gottmadingen.jpg","width":730,"height":400},{"@type":"BreadcrumbList","@id":"https:\/\/handelsverband.swiss\/fr\/pourquoi-lexternalisation-logistique-est-aujourdhui-strategiquement-decisive-pour-les-commercants-suisses\/#breadcrumb","itemListElement":[{"@type":"ListItem","position":1,"name":"Startseite","item":"https:\/\/handelsverband.swiss\/fr\/"},{"@type":"ListItem","position":2,"name":"Pourquoi l&#8217;externalisation logistique est aujourd&#8217;hui strat\u00e9giquement d\u00e9cisive pour les commer\u00e7ants suisses"}]},{"@type":"WebSite","@id":"https:\/\/handelsverband.swiss\/#website","url":"https:\/\/handelsverband.swiss\/","name":"HANDELSVERBAND.swiss","description":"ASSOCIATION DE COMMERCE.swiss","publisher":{"@id":"https:\/\/handelsverband.swiss\/#organization"},"potentialAction":[{"@type":"SearchAction","target":{"@type":"EntryPoint","urlTemplate":"https:\/\/handelsverband.swiss\/?s={search_term_string}"},"query-input":{"@type":"PropertyValueSpecification","valueRequired":true,"valueName":"search_term_string"}}],"inLanguage":"fr-FR"},{"@type":"Organization","@id":"https:\/\/handelsverband.swiss\/#organization","name":"HANDELSVERBAND.swiss","url":"https:\/\/handelsverband.swiss\/","logo":{"@type":"ImageObject","inLanguage":"fr-FR","@id":"https:\/\/handelsverband.swiss\/#\/schema\/logo\/image\/","url":"https:\/\/handelsverband.swiss\/wp-content\/uploads\/2020\/03\/hv_brand_rgb.png","contentUrl":"https:\/\/handelsverband.swiss\/wp-content\/uploads\/2020\/03\/hv_brand_rgb.png","width":1714,"height":472,"caption":"HANDELSVERBAND.swiss"},"image":{"@id":"https:\/\/handelsverband.swiss\/#\/schema\/logo\/image\/"}},{"@type":"Person","@id":"https:\/\/handelsverband.swiss\/#\/schema\/person\/03cfa2e51a87b9a21a7e90422f712454","name":"Nadine Baeriswyl","image":{"@type":"ImageObject","inLanguage":"fr-FR","@id":"https:\/\/secure.gravatar.com\/avatar\/a73cbed89644dbba33a6816537b880d86eee7858057233fde5e2ac1626648b04?s=96&d=mm&r=g","url":"https:\/\/secure.gravatar.com\/avatar\/a73cbed89644dbba33a6816537b880d86eee7858057233fde5e2ac1626648b04?s=96&d=mm&r=g","contentUrl":"https:\/\/secure.gravatar.com\/avatar\/a73cbed89644dbba33a6816537b880d86eee7858057233fde5e2ac1626648b04?s=96&d=mm&r=g","caption":"Nadine Baeriswyl"}}]}},"_links":{"self":[{"href":"https:\/\/handelsverband.swiss\/fr\/wp-json\/wp\/v2\/posts\/60077","targetHints":{"allow":["GET"]}}],"collection":[{"href":"https:\/\/handelsverband.swiss\/fr\/wp-json\/wp\/v2\/posts"}],"about":[{"href":"https:\/\/handelsverband.swiss\/fr\/wp-json\/wp\/v2\/types\/post"}],"author":[{"embeddable":true,"href":"https:\/\/handelsverband.swiss\/fr\/wp-json\/wp\/v2\/users\/4578"}],"replies":[{"embeddable":true,"href":"https:\/\/handelsverband.swiss\/fr\/wp-json\/wp\/v2\/comments?post=60077"}],"version-history":[{"count":3,"href":"https:\/\/handelsverband.swiss\/fr\/wp-json\/wp\/v2\/posts\/60077\/revisions"}],"predecessor-version":[{"id":60082,"href":"https:\/\/handelsverband.swiss\/fr\/wp-json\/wp\/v2\/posts\/60077\/revisions\/60082"}],"wp:featuredmedia":[{"embeddable":true,"href":"https:\/\/handelsverband.swiss\/fr\/wp-json\/wp\/v2\/media\/59767"}],"wp:attachment":[{"href":"https:\/\/handelsverband.swiss\/fr\/wp-json\/wp\/v2\/media?parent=60077"}],"wp:term":[{"taxonomy":"category","embeddable":true,"href":"https:\/\/handelsverband.swiss\/fr\/wp-json\/wp\/v2\/categories?post=60077"},{"taxonomy":"post_tag","embeddable":true,"href":"https:\/\/handelsverband.swiss\/fr\/wp-json\/wp\/v2\/tags?post=60077"}],"curies":[{"name":"wp","href":"https:\/\/api.w.org\/{rel}","templated":true}]}}